{"id":2906,"date":"2023-09-14T12:48:00","date_gmt":"2023-09-14T10:48:00","guid":{"rendered":"https:\/\/irtnanoelec.fr\/?post_type=actualite&#038;p=2906"},"modified":"2025-07-17T10:57:05","modified_gmt":"2025-07-17T08:57:05","slug":"colloque-tests-de-resistance-aux-radiations-des-dispositifs-et-systemes-a-semi-conducteurs","status":"publish","type":"actualite","link":"https:\/\/irtnanoelec.fr\/en\/actualite\/colloque-tests-de-resistance-aux-radiations-des-dispositifs-et-systemes-a-semi-conducteurs\/","title":{"rendered":"[COLLOQUE] Tests de r\u00e9sistance aux radiations des dispositifs et syst\u00e8mes \u00e0 semi-conducteurs"},"content":{"rendered":"    <section class=\" section-normal push-edito \" id=\"block-block_959d3a543b1396d228e730c294d7b947\">\n        <div class=\"container\">\n            <div class=\"flex gap-6 items-center flex-md-column-reverse\">\n                                <div class=\"bg-neutral-0 z-9 flex justify-center flex-column col-sm-12 flex-1\">\n                    <div class=\"description\"><p>L\u2019\u00e9dition 2023 du colloque G-RADNEXT aura lieu au CERN (Gen\u00e8ve) les 8 et 9 novembre 2023. Il est organis\u00e9 par RADNEXT, l\u2019association RADECS et la PAC-G (Nanoelec\/Carac).<\/p>\n<p>Dans cet atelier, nous souhaitons donner \u00e0 de jeunes professionnels du domaine des effets des rayonnements sur les dispositifs micro\u00e9lectroniques et photoniques, l\u2019opportunit\u00e9 de pr\u00e9senter leurs travaux et d\u2019\u00e9changer avec leurs pairs ainsi qu\u2019avec des experts reconnus dans le domaine.<\/p>\n<p>La session 2 de l\u2019atelier est donc enti\u00e8rement d\u00e9di\u00e9e aux contributions orales de jeunes professionnels travaillant dans l\u2019industrie ou dans le monde universitaire. Cette s\u00e9ance aura lieu l\u2019apr\u00e8s-midi du premier jour (8 novembre). Les pr\u00e9sentations orales dureront 15 minutes. Apr\u00e8s l\u2019ensemble de la session, un temps de questions\/r\u00e9ponses est r\u00e9serv\u00e9 \u00e0 toutes les pr\u00e9sentations de la session.<\/p>\n<p>De plus, une session de posters d\u00e9di\u00e9e uniquement aux jeunes professionnels sera pr\u00e9vue.<\/p>\n<\/div>                <\/div>\n                \n                   \n            <\/div>\n        <\/div>\n    <\/section>\n\n\n\n<div class=\"section-normal push-ctas \">\n    <div class=\"container\">\n                    <div class=\"links-wrap mt-6 gap-4 flex flex-wrap justify-start\">\n                <a href=\"https:\/\/indico.cern.ch\/event\/1251241\/\" class=\"bg-brand-default button text-white\" target=\"_blank\" rel=\"noopener\">Read more here<\/a>            <\/div>\n            <\/div>\n<\/div>","protected":false},"featured_media":0,"template":"","meta":{"_acf_changed":true,"inline_featured_image":false},"categories":[],"class_list":["post-2906","actualite","type-actualite","status-publish","hentry"],"acf":[],"yoast_head":"<!-- This site is optimized with the Yoast SEO plugin v27.1.1 - https:\/\/yoast.com\/product\/yoast-seo-wordpress\/ -->\n<title>[COLLOQUE] Tests de r\u00e9sistance aux radiations des dispositifs et syst\u00e8mes \u00e0 semi-conducteurs - IRT Nanoelec<\/title>\n<meta name=\"robots\" content=\"index, follow, max-snippet:-1, max-image-preview:large, max-video-preview:-1\" \/>\n<link rel=\"canonical\" href=\"https:\/\/irtnanoelec.fr\/en\/actualite\/colloque-tests-de-resistance-aux-radiations-des-dispositifs-et-systemes-a-semi-conducteurs\/\" \/>\n<meta property=\"og:locale\" content=\"en_US\" \/>\n<meta property=\"og:type\" content=\"article\" \/>\n<meta property=\"og:title\" content=\"[COLLOQUE] Tests de r\u00e9sistance aux radiations des dispositifs et syst\u00e8mes \u00e0 semi-conducteurs - IRT Nanoelec\" \/>\n<meta property=\"og:url\" content=\"https:\/\/irtnanoelec.fr\/en\/actualite\/colloque-tests-de-resistance-aux-radiations-des-dispositifs-et-systemes-a-semi-conducteurs\/\" \/>\n<meta property=\"og:site_name\" content=\"IRT Nanoelec\" \/>\n<meta property=\"article:modified_time\" content=\"2025-07-17T08:57:05+00:00\" \/>\n<meta name=\"twitter:card\" content=\"summary_large_image\" \/>\n<meta name=\"twitter:label1\" content=\"Est. reading time\" \/>\n\t<meta name=\"twitter:data1\" content=\"1 minute\" \/>\n<script type=\"application\/ld+json\" class=\"yoast-schema-graph\">{\"@context\":\"https:\/\/schema.org\",\"@graph\":[{\"@type\":\"WebPage\",\"@id\":\"https:\/\/irtnanoelec.fr\/en\/actualite\/colloque-tests-de-resistance-aux-radiations-des-dispositifs-et-systemes-a-semi-conducteurs\/\",\"url\":\"https:\/\/irtnanoelec.fr\/en\/actualite\/colloque-tests-de-resistance-aux-radiations-des-dispositifs-et-systemes-a-semi-conducteurs\/\",\"name\":\"[COLLOQUE] Tests de r\u00e9sistance aux radiations des dispositifs et syst\u00e8mes \u00e0 semi-conducteurs - IRT Nanoelec\",\"isPartOf\":{\"@id\":\"https:\/\/irtnanoelec.fr\/en\/#website\"},\"datePublished\":\"2023-09-14T10:48:00+00:00\",\"dateModified\":\"2025-07-17T08:57:05+00:00\",\"breadcrumb\":{\"@id\":\"https:\/\/irtnanoelec.fr\/en\/actualite\/colloque-tests-de-resistance-aux-radiations-des-dispositifs-et-systemes-a-semi-conducteurs\/#breadcrumb\"},\"inLanguage\":\"en-US\",\"potentialAction\":[{\"@type\":\"ReadAction\",\"target\":[\"https:\/\/irtnanoelec.fr\/en\/actualite\/colloque-tests-de-resistance-aux-radiations-des-dispositifs-et-systemes-a-semi-conducteurs\/\"]}]},{\"@type\":\"BreadcrumbList\",\"@id\":\"https:\/\/irtnanoelec.fr\/en\/actualite\/colloque-tests-de-resistance-aux-radiations-des-dispositifs-et-systemes-a-semi-conducteurs\/#breadcrumb\",\"itemListElement\":[{\"@type\":\"ListItem\",\"position\":1,\"name\":\"Home\",\"item\":\"https:\/\/irtnanoelec.fr\/en\/\"},{\"@type\":\"ListItem\",\"position\":2,\"name\":\"[COLLOQUE] Tests de r\u00e9sistance aux radiations des dispositifs et syst\u00e8mes \u00e0 semi-conducteurs\"}]},{\"@type\":\"WebSite\",\"@id\":\"https:\/\/irtnanoelec.fr\/en\/#website\",\"url\":\"https:\/\/irtnanoelec.fr\/en\/\",\"name\":\"IRT Nanoelec\",\"description\":\"\",\"publisher\":{\"@id\":\"https:\/\/irtnanoelec.fr\/en\/#organization\"},\"potentialAction\":[{\"@type\":\"SearchAction\",\"target\":{\"@type\":\"EntryPoint\",\"urlTemplate\":\"https:\/\/irtnanoelec.fr\/en\/?s={search_term_string}\"},\"query-input\":{\"@type\":\"PropertyValueSpecification\",\"valueRequired\":true,\"valueName\":\"search_term_string\"}}],\"inLanguage\":\"en-US\"},{\"@type\":\"Organization\",\"@id\":\"https:\/\/irtnanoelec.fr\/en\/#organization\",\"name\":\"IRT Nanoelec\",\"url\":\"https:\/\/irtnanoelec.fr\/en\/\",\"logo\":{\"@type\":\"ImageObject\",\"inLanguage\":\"en-US\",\"@id\":\"https:\/\/irtnanoelec.fr\/en\/#\/schema\/logo\/image\/\",\"url\":\"https:\/\/irtnanoelec.fr\/wp-content\/uploads\/2025\/07\/irt-nanoelec.svg\",\"contentUrl\":\"https:\/\/irtnanoelec.fr\/wp-content\/uploads\/2025\/07\/irt-nanoelec.svg\",\"width\":181,\"height\":89,\"caption\":\"IRT Nanoelec\"},\"image\":{\"@id\":\"https:\/\/irtnanoelec.fr\/en\/#\/schema\/logo\/image\/\"}}]}<\/script>\n<!-- \/ Yoast SEO plugin. -->","yoast_head_json":{"title":"[COLLOQUE] Tests de r\u00e9sistance aux radiations des dispositifs et syst\u00e8mes \u00e0 semi-conducteurs - IRT Nanoelec","robots":{"index":"index","follow":"follow","max-snippet":"max-snippet:-1","max-image-preview":"max-image-preview:large","max-video-preview":"max-video-preview:-1"},"canonical":"https:\/\/irtnanoelec.fr\/en\/actualite\/colloque-tests-de-resistance-aux-radiations-des-dispositifs-et-systemes-a-semi-conducteurs\/","og_locale":"en_US","og_type":"article","og_title":"[COLLOQUE] Tests de r\u00e9sistance aux radiations des dispositifs et syst\u00e8mes \u00e0 semi-conducteurs - IRT Nanoelec","og_url":"https:\/\/irtnanoelec.fr\/en\/actualite\/colloque-tests-de-resistance-aux-radiations-des-dispositifs-et-systemes-a-semi-conducteurs\/","og_site_name":"IRT Nanoelec","article_modified_time":"2025-07-17T08:57:05+00:00","twitter_card":"summary_large_image","twitter_misc":{"Est. reading time":"1 minute"},"schema":{"@context":"https:\/\/schema.org","@graph":[{"@type":"WebPage","@id":"https:\/\/irtnanoelec.fr\/en\/actualite\/colloque-tests-de-resistance-aux-radiations-des-dispositifs-et-systemes-a-semi-conducteurs\/","url":"https:\/\/irtnanoelec.fr\/en\/actualite\/colloque-tests-de-resistance-aux-radiations-des-dispositifs-et-systemes-a-semi-conducteurs\/","name":"[COLLOQUE] Tests de r\u00e9sistance aux radiations des dispositifs et syst\u00e8mes \u00e0 semi-conducteurs - IRT Nanoelec","isPartOf":{"@id":"https:\/\/irtnanoelec.fr\/en\/#website"},"datePublished":"2023-09-14T10:48:00+00:00","dateModified":"2025-07-17T08:57:05+00:00","breadcrumb":{"@id":"https:\/\/irtnanoelec.fr\/en\/actualite\/colloque-tests-de-resistance-aux-radiations-des-dispositifs-et-systemes-a-semi-conducteurs\/#breadcrumb"},"inLanguage":"en-US","potentialAction":[{"@type":"ReadAction","target":["https:\/\/irtnanoelec.fr\/en\/actualite\/colloque-tests-de-resistance-aux-radiations-des-dispositifs-et-systemes-a-semi-conducteurs\/"]}]},{"@type":"BreadcrumbList","@id":"https:\/\/irtnanoelec.fr\/en\/actualite\/colloque-tests-de-resistance-aux-radiations-des-dispositifs-et-systemes-a-semi-conducteurs\/#breadcrumb","itemListElement":[{"@type":"ListItem","position":1,"name":"Home","item":"https:\/\/irtnanoelec.fr\/en\/"},{"@type":"ListItem","position":2,"name":"[COLLOQUE] Tests de r\u00e9sistance aux radiations des dispositifs et syst\u00e8mes \u00e0 semi-conducteurs"}]},{"@type":"WebSite","@id":"https:\/\/irtnanoelec.fr\/en\/#website","url":"https:\/\/irtnanoelec.fr\/en\/","name":"IRT Nanoelec","description":"","publisher":{"@id":"https:\/\/irtnanoelec.fr\/en\/#organization"},"potentialAction":[{"@type":"SearchAction","target":{"@type":"EntryPoint","urlTemplate":"https:\/\/irtnanoelec.fr\/en\/?s={search_term_string}"},"query-input":{"@type":"PropertyValueSpecification","valueRequired":true,"valueName":"search_term_string"}}],"inLanguage":"en-US"},{"@type":"Organization","@id":"https:\/\/irtnanoelec.fr\/en\/#organization","name":"IRT Nanoelec","url":"https:\/\/irtnanoelec.fr\/en\/","logo":{"@type":"ImageObject","inLanguage":"en-US","@id":"https:\/\/irtnanoelec.fr\/en\/#\/schema\/logo\/image\/","url":"https:\/\/irtnanoelec.fr\/wp-content\/uploads\/2025\/07\/irt-nanoelec.svg","contentUrl":"https:\/\/irtnanoelec.fr\/wp-content\/uploads\/2025\/07\/irt-nanoelec.svg","width":181,"height":89,"caption":"IRT Nanoelec"},"image":{"@id":"https:\/\/irtnanoelec.fr\/en\/#\/schema\/logo\/image\/"}}]}},"_links":{"self":[{"href":"https:\/\/irtnanoelec.fr\/en\/wp-json\/wp\/v2\/actualite\/2906","targetHints":{"allow":["GET"]}}],"collection":[{"href":"https:\/\/irtnanoelec.fr\/en\/wp-json\/wp\/v2\/actualite"}],"about":[{"href":"https:\/\/irtnanoelec.fr\/en\/wp-json\/wp\/v2\/types\/actualite"}],"wp:attachment":[{"href":"https:\/\/irtnanoelec.fr\/en\/wp-json\/wp\/v2\/media?parent=2906"}],"wp:term":[{"taxonomy":"category","embeddable":true,"href":"https:\/\/irtnanoelec.fr\/en\/wp-json\/wp\/v2\/categories?post=2906"}],"curies":[{"name":"wp","href":"https:\/\/api.w.org\/{rel}","templated":true}]}}